{"id":11233,"date":"2025-04-23T08:46:53","date_gmt":"2025-04-23T06:46:53","guid":{"rendered":"https:\/\/volcatbtt.com\/raul-villar-y-janika-loiv-ganan-la-primera-etapa-de-la-volcat-by-scott-2025\/"},"modified":"2025-04-23T09:07:25","modified_gmt":"2025-04-23T07:07:25","slug":"raul-villar-i-janika-loiv-guanyen-la-primera-etapa-de-la-volcat-by-scott-2025","status":"publish","type":"post","link":"https:\/\/volcatbtt.com\/ca\/raul-villar-i-janika-loiv-guanyen-la-primera-etapa-de-la-volcat-by-scott-2025\/","title":{"rendered":"Raul Villar i Janika Loiv  guanyen la primera etapa de la  VolCAT by SCOTT 2025"},"content":{"rendered":"<p><strong>Raul Villar s&#8217;emporta la vict\u00f2ria a la primera etapa de la VolCAT by SCOTT 2025.<\/strong> El corredor de La Nuc\u00eda BH Coloma Academy ha liderat la prova junt amb Xavier Pijuan, amb qui ha mantingut un pols que nom\u00e9s s&#8217;ha decantat a l&#8217;arribada a Igualada, seu de les tres etapes de la cursa. A la categoria femenina, la estonia<strong> Janika Loiv<\/strong> s&#8217;ha imposat amb aparent facilitat, mentres que una gran <strong>Est\u00edbaliz Sagardoy<\/strong> ha marcat el segon lloc al seu debut en una cursa per etapes.<\/p>\n<h2>Raul Villar reina a la primera etapa i conquereix el maillot de l\u00edder<\/h2>\n<p>La Setmana Santa va arribar al calendari i un sol primaveral va rebre els m\u00e9s de <strong>500 corredors<\/strong> cridats a files per a disputar la primera etapa de la <strong>VolCAT by SCOTT 2025<\/strong>. L&#8217;emblem\u00e0tica prova va tornar a atreure corredors de primer nivell competitiu, que van compar\u00e8ixer amb puntualitat per lluitar pels punts UCI d&#8217;una etapa de categoria C3. Per la seva banda, la ciutat d&#8217;Igualada es va vestir de gala i va rebre amb els bra\u00e7os oberts els focus del BTT internacional.<\/p>\n<p>La cursa va arrencar amb una sortida neta i els corredors van deixar enrere Igualada. Un cam\u00ed de pista i amable va fer la primera selecci\u00f3 entre camps de colze. Els primers quil\u00f2metres van ser durs, amb gran part del desnivell positiu de l&#8217;etapa, que va filtrar encara m\u00e9s el grup i va deixar al capdevant a nom\u00e9s quatre supervivents. D&#8217;entre ells, Raul Villar i Xavier Pijuan es van destacar fins el punt que van obrir forat i es van escapar.<\/p>\n<p>La pista va quedar enrere i els corriols es van convertir en els grans protagonistes. La dupla l\u00edder va seguir comandant la cursa a les afores de la ermita de Collb\u00e0s i els voltants de la poblaci\u00f3 de Carme. Les fortes plujes d&#8217;aquests \u00faltims mesos van donar vida a la riera, cercada a ambd\u00f3s costats per un frond\u00f3s bosc d&#8217;interior. La parella va arribar amb m\u00e9s d&#8217;un minut de marge a la zona d&#8217;avituallaments -KM 26,5- i es va encaminar a la lluita final ja de tornada al Parc Central d&#8217;Igualada.<\/p>\n<p>Aix\u00ed, Villar i Pijuan van igualar forces fins els \u00faltims metres, en els quals Villar va fer funcionar la m\u00e0quina de vats que li va brindar la vict\u00f2ria. El corredor de La Nuc\u00eda BH Coloma Academy es va enfundar aix\u00ed el maillot de l\u00edder i, tot i que ja ha anunciat que ser\u00e0 baixa a la segiona etapa, tamb\u00e9 ha confirmat que tornar\u00e0 l&#8217;\u00faltim dia per a sumar m\u00e9s punts pel r\u00e0nking.<\/p>\n<h2>Janika Loiv triomfa i es vesteix de groc a la primera etapa<\/h2>\n<p>La corredora estonia Janika Loiv es va presentar amb l&#8217;etiqueta de la gran favorita a la vict\u00f2ria. La velocitat dels primers metres li va permietre distanciar-se de les seves rivals i col\u00b7locar-se en un bon grup. L&#8217;emmagatzematge de forces i la dosificaci\u00f3 d&#8217;esfor\u00e7os van ser claus per a qu\u00e8 Loiv segu\u00eds portant la batuta femenina durant tota la prova.<\/p>\n<p>Per darrere, <strong>Est\u00edbaliz Sagardoy i Txell Figueras<\/strong> van batallar sense \u00e8xit per a qu\u00e8 la balan\u00e7a es decant\u00e9s al seu favor. Ambdues corredores es van mantenir igualades fins que Sagardoy va aconseguir desfer-se de Figueras, que va haver de conformar-se amb la tercera posici\u00f3.<\/p>\n<p>Per la seva banda, el calaix m\u00e9s alt del podi el va ocupar una <strong>Janika Loiv<\/strong> que va estar intractable i que amena\u00e7a seriament amb dominar la cursa fins l&#8217;\u00faltim dia.<\/p>\n","protected":false},"excerpt":{"rendered":"<p>Raul Villar s&#8217;emporta la vict\u00f2ria a la primera etapa de la VolCAT by SCOTT 2025. El corredor de La Nuc\u00eda BH Coloma Academy ha liderat la prova junt amb Xavier Pijuan, amb qui ha mantingut un pols que nom\u00e9s s&#8217;ha decantat a l&#8217;arribada a Igualada, seu de les tres etapes de la cursa. A la&hellip;<\/p>\n","protected":false},"author":2,"featured_media":11209,"comment_status":"closed","ping_status":"closed","sticky":false,"template":"","format":"gallery","meta":{"footnotes":""},"categories":[51],"tags":[],"post_series":[],"class_list":["post-11233","post","type-post","status-publish","format-gallery","has-post-thumbnail","hentry","category-volcat-igualada-ca","post_format-post-format-gallery","entry","has-media"],"_links":{"self":[{"href":"https:\/\/volcatbtt.com\/ca\/wp-json\/wp\/v2\/posts\/11233","targetHints":{"allow":["GET"]}}],"collection":[{"href":"https:\/\/volcatbtt.com\/ca\/wp-json\/wp\/v2\/posts"}],"about":[{"href":"https:\/\/volcatbtt.com\/ca\/wp-json\/wp\/v2\/types\/post"}],"author":[{"embeddable":true,"href":"https:\/\/volcatbtt.com\/ca\/wp-json\/wp\/v2\/users\/2"}],"replies":[{"embeddable":true,"href":"https:\/\/volcatbtt.com\/ca\/wp-json\/wp\/v2\/comments?post=11233"}],"version-history":[{"count":5,"href":"https:\/\/volcatbtt.com\/ca\/wp-json\/wp\/v2\/posts\/11233\/revisions"}],"predecessor-version":[{"id":11243,"href":"https:\/\/volcatbtt.com\/ca\/wp-json\/wp\/v2\/posts\/11233\/revisions\/11243"}],"wp:featuredmedia":[{"embeddable":true,"href":"https:\/\/volcatbtt.com\/ca\/wp-json\/wp\/v2\/media\/11209"}],"wp:attachment":[{"href":"https:\/\/volcatbtt.com\/ca\/wp-json\/wp\/v2\/media?parent=11233"}],"wp:term":[{"taxonomy":"category","embeddable":true,"href":"https:\/\/volcatbtt.com\/ca\/wp-json\/wp\/v2\/categories?post=11233"},{"taxonomy":"post_tag","embeddable":true,"href":"https:\/\/volcatbtt.com\/ca\/wp-json\/wp\/v2\/tags?post=11233"},{"taxonomy":"post_series","embeddable":true,"href":"https:\/\/volcatbtt.com\/ca\/wp-json\/wp\/v2\/post_series?post=11233"}],"curies":[{"name":"wp","href":"https:\/\/api.w.org\/{rel}","templated":true}]}}